{"id":13215,"date":"2026-03-11T10:49:08","date_gmt":"2026-03-11T15:49:08","guid":{"rendered":"https:\/\/colmunbto.edu.co\/web\/?p=13215"},"modified":"2026-03-11T10:49:08","modified_gmt":"2026-03-11T15:49:08","slug":"colegio-municipal-maria-concepcion-loperena-rinde-cuentas-a-la-comunidad-y-reafirma-su-compromiso-con-la-excelencia-educativa","status":"publish","type":"post","link":"https:\/\/colmunbto.edu.co\/web\/colegio-municipal-maria-concepcion-loperena-rinde-cuentas-a-la-comunidad-y-reafirma-su-compromiso-con-la-excelencia-educativa\/","title":{"rendered":"Colegio Municipal Mar\u00eda Concepci\u00f3n Loperena rinde cuentas a la comunidad y reafirma su compromiso con la excelencia educativa"},"content":{"rendered":"<p>En un ejercicio de transparencia y participaci\u00f3n ciudadana, la Instituci\u00f3n Educativa Colegio Municipal Mar\u00eda Concepci\u00f3n Loperena llev\u00f3 a cabo su Audiencia P\u00fablica de Rendici\u00f3n de Cuentas, correspondiente a la vigencia 2025. El evento, realizado en la Sede Guaimaral N\u00b0 25, cont\u00f3 con una asistencia masiva de 165 personas, entre las que se encontraban directivos, docentes, administrativos, estudiantes, padres de familia, l\u00edderes comunitarios y la hermana<\/p>\n<p>Bajo el lema institucional <em>\u00abLa Excelencia es el Camino\u00bb<\/em>, el rector Javier Dar\u00edo Gelvez Manrique, junto a su equipo directivo, present\u00f3 un balance integral detallando los logros alcanzados en las cuatro dimensiones de gesti\u00f3n institucional:<\/p>\n<ul>\n<li><strong>Gesti\u00f3n Acad\u00e9mica:<\/strong> Se destac\u00f3 la consolidaci\u00f3n de la Media T\u00e9cnica en articulaci\u00f3n con el SENA, ofreciendo programas en Asesor\u00eda Comercial, Agroindustria Alimentaria, Mantenimiento de Equipos de C\u00f3mputo, Marroquiner\u00eda y Contabilidad.<\/li>\n<li><strong>Gesti\u00f3n Administrativa y Financiera:<\/strong> Se report\u00f3 una ejecuci\u00f3n presupuestal transparente enfocada en el mantenimiento de la infraestructura de las cuatro sedes, adquisici\u00f3n de materiales did\u00e1cticos e inversi\u00f3n en tecnolog\u00eda y mobiliario escolar para fortalecer las aulas.<\/li>\n<li><strong>Gesti\u00f3n Comunitaria e Inclusi\u00f3n:<\/strong> Uno de los puntos m\u00e1s destacados fue la atenci\u00f3n a 143 estudiantes con barreras para el aprendizaje, logrando la promoci\u00f3n de 103 de ellos y la graduaci\u00f3n de 9 estudiantes, gracias a la implementaci\u00f3n de planes individuales (PIAR).<\/li>\n<li><strong>Gesti\u00f3n Directiva:<\/strong> Se resaltaron los convenios activos con la Alcald\u00eda de San Jos\u00e9 de C\u00facuta, la Cruz Roja y el apoyo pedag\u00f3gico para las pruebas Preicfes.<\/li>\n<\/ul>\n<p>Los asistentes expresaron sus inquietudes y reconocimientos, validando la claridad de la informaci\u00f3n y el ambiente de escucha activa promovido por la instituci\u00f3n.<\/p>\n<p>Durante la jornada, los asistentes expresaron sus inquietudes y reconocimientos, validando la claridad de la informaci\u00f3n y el ambiente de escucha activa promovido por la instituci\u00f3n, asimismo se cont\u00f3 con la presencia de la hermana Ruth Yelitza Sanguino, delegada oficial de la Secretar\u00eda de Educaci\u00f3n Municipal (SEM), quien exalt\u00f3 el rigor t\u00e9cnico y la transparencia del proceso. La delegada felicit\u00f3 la gesti\u00f3n del rector y subray\u00f3 que los resultados acad\u00e9micos y de inclusi\u00f3n social son evidencia clara de un proceso de mejora continua en la instituci\u00f3n.<\/p>\n<p>Uno de los momentos m\u00e1s memorables de la jornada fue la intervenci\u00f3n cultural de la estudiante Sheidy Marlen Garc\u00eda Rodr\u00edguez, del grado 11C. Con una impecable interpretaci\u00f3n de viol\u00edn, Sheidy ameniz\u00f3 el espacio, cautivando a los asistentes con su destreza t\u00e9cnica.<\/p>\n<p>Es importante destacar que la estudiante es un orgullo institucional: desde hace dos a\u00f1os forma parte activa de la Orquesta Filarm\u00f3nica y Escuela Musical del colegio, demostrando que el enfoque en la calidad educativa trasciende las aulas y potencia las habilidades art\u00edsticas de los j\u00f3venes.<\/p>\n<p>Con este acto, el Colegio Municipal Mar\u00eda Concepci\u00f3n Loperena ratifica su compromiso con la rendici\u00f3n de cuentas y el fortalecimiento de la calidad educativa en beneficio de toda su comunidad.<\/p>\n","protected":false},"excerpt":{"rendered":"<p>En un ejercicio de transparencia y participaci\u00f3n ciudadana, la Instituci\u00f3n Educativa Colegio Municipal Mar\u00eda Concepci\u00f3n Loperena llev\u00f3 a cabo su Audiencia P\u00fablica de Rendici\u00f3n de Cuentas, correspondiente a la vigencia 2025. El evento, realizado en la Sede Guaimaral N\u00b0 25, &hellip; <\/p>\n","protected":false},"author":12,"featured_media":13223,"comment_status":"closed","ping_status":"closed","sticky":false,"template":"","format":"gallery","meta":{"footnotes":""},"categories":[3467],"tags":[],"class_list":["post-13215","post","type-post","status-publish","format-gallery","has-post-thumbnail","hentry","category-noticias","post_format-post-format-gallery"],"_links":{"self":[{"href":"https:\/\/colmunbto.edu.co\/web\/wp-json\/wp\/v2\/posts\/13215","targetHints":{"allow":["GET"]}}],"collection":[{"href":"https:\/\/colmunbto.edu.co\/web\/wp-json\/wp\/v2\/posts"}],"about":[{"href":"https:\/\/colmunbto.edu.co\/web\/wp-json\/wp\/v2\/types\/post"}],"author":[{"embeddable":true,"href":"https:\/\/colmunbto.edu.co\/web\/wp-json\/wp\/v2\/users\/12"}],"replies":[{"embeddable":true,"href":"https:\/\/colmunbto.edu.co\/web\/wp-json\/wp\/v2\/comments?post=13215"}],"version-history":[{"count":1,"href":"https:\/\/colmunbto.edu.co\/web\/wp-json\/wp\/v2\/posts\/13215\/revisions"}],"predecessor-version":[{"id":13225,"href":"https:\/\/colmunbto.edu.co\/web\/wp-json\/wp\/v2\/posts\/13215\/revisions\/13225"}],"wp:featuredmedia":[{"embeddable":true,"href":"https:\/\/colmunbto.edu.co\/web\/wp-json\/wp\/v2\/media\/13223"}],"wp:attachment":[{"href":"https:\/\/colmunbto.edu.co\/web\/wp-json\/wp\/v2\/media?parent=13215"}],"wp:term":[{"taxonomy":"category","embeddable":true,"href":"https:\/\/colmunbto.edu.co\/web\/wp-json\/wp\/v2\/categories?post=13215"},{"taxonomy":"post_tag","embeddable":true,"href":"https:\/\/colmunbto.edu.co\/web\/wp-json\/wp\/v2\/tags?post=13215"}],"curies":[{"name":"wp","href":"https:\/\/api.w.org\/{rel}","templated":true}]}}